{"id":4912,"date":"2019-01-14T10:42:18","date_gmt":"2019-01-14T10:42:18","guid":{"rendered":"https:\/\/itacpro.develacq.startgoconnection.es\/?p=4912"},"modified":"2019-10-07T09:55:00","modified_gmt":"2019-10-07T09:55:00","slug":"z-drzewa-do-fabryki-zbior-migdalow","status":"publish","type":"post","link":"https:\/\/www.itac-professional.com\/pl\/blog\/z-drzewa-do-fabryki-zbior-migdalow\/","title":{"rendered":"Z drzewa do fabryki &#8211; zbi\u00f3r migda\u0142\u00f3w"},"content":{"rendered":"<div class=\"wpb-content-wrapper\"><p>[vc_row][vc_column][vc_column_text]<strong>Zimowy odpoczynek migda\u0142owc\u00f3w<\/strong><\/p>\n<p>Po zbiorze migda\u0142\u00f3w i nadej\u015bciu ch\u0142odu rozpoczyna si\u0119 etap, podczas kt\u00f3rego migda\u0142owce powinny rozpocz\u0105\u0107 faz\u0119 odpoczynku lub przestoju zimowego, kt\u00f3ry trwa od opadni\u0119cia li\u015bci i jesiennego wstrzymania wegetacji do rozpocz\u0119cia kwitni\u0119cia, kiedy to wraz ze wzrostem temperatury wznawiana jest aktywno\u015b\u0107 wegetacyjna. [\/vc_column_text][vc_single_image image=\u00bb4924&#8243; img_size=\u00bb600&#215;400&#8243; alignment=\u00bbcenter\u00bb image_hovers=\u00bbfalse\u00bb][vc_column_text]Etap odpoczynku zimowego jest kluczowy, by drzewo mog\u0142o wszcz\u0105\u0107 inne procesy aktywne, konieczne dla powodzenie kolejnego zbioru. Podczas tego procesu migda\u0142owiec potrzebuje zaspokojenia dw\u00f3ch potrzeb:<\/p>\n<ul>\n<li>umulacji godzin zimna &#8211; poni\u017cej 7\u00baC.<\/li>\n<li>Zebrania zapas\u00f3w potrzebnych do kolejnego etapu rozwoju &#8211; drzewo kumuluje sk\u0142adniki od\u017cywcze za po\u015brednictwem wody i wykorzystuje je do p\u00f3\u017aniejszego rozwoju.<\/li>\n<\/ul>\n<p>Podczas tej fazy odpoczynku zaleca si\u0119 przeprowadzanie takich prac jak przycinanie, oranie terenu, przygotowanie g\u0142\u0119boko u\u017cy\u017aniaj\u0105cego nawozu na kolejn\u0105 kampani\u0119 oraz zabiegi fitosanitarne zwi\u0105zane z odgrzybianiem.[\/vc_column_text][vc_single_image image=\u00bb4925&#8243; img_size=\u00bb600&#215;400&#8243; alignment=\u00bbcenter\u00bb image_hovers=\u00bbfalse\u00bb][vc_column_text]Z uwagi na powy\u017csze przysz\u0142y zbi\u00f3r migda\u0142\u00f3w i jako\u015b\u0107 owoc\u00f3w zale\u017ce\u0107 b\u0119dzie bezpo\u015brednio od odpoczynku i przygotowania drzew podczas miesi\u0119cy zimowych oraz ich hibernacji.<\/p>\n<p><strong>Kwitni\u0119cie i zapylanie<\/strong><\/p>\n<p>Wraz ze wzrostem temperatury, ko\u0144cem zimy i pocz\u0105tkiem wiosny, po zaspokojeniu potrzeb odpoczynku, wznawiana jest aktywno\u015b\u0107 wegetacyjna, kt\u00f3ra rozpoczyna si\u0119 kwitni\u0119ciem. [\/vc_column_text][vc_single_image image=\u00bb4926&#8243; img_size=\u00bb600&#215;400&#8243; alignment=\u00bbcenter\u00bb image_hovers=\u00bbfalse\u00bb][vc_column_text]Okres trwania kwitni\u0119cia oraz zjawiska klimatyczne w jego trakcie zmieniaj\u0105 si\u0119 z roku na rok. Nie mniej jednak, ka\u017cda odmiana i miejsce pochodzenia migda\u0142a wp\u0142ywaj\u0105 na r\u00f3\u017cnorodno\u015b\u0107 jego w\u0142a\u015bciwo\u015bci i kalendarz rozwoju. Dlatego te\u017c tak du\u017ce znaczenie ma \u015bcis\u0142a kontrola tego procesu, by zagwarantowa\u0107 poprawny rozw\u00f3j owoc\u00f3w za po\u015brednictwem obserwacji warunk\u00f3w atmosferycznych, zapylenia drzew lub pojawienia si\u0119 ewentualnych chor\u00f3b zwi\u0105zanych z tym etapem.<\/p>\n<p>Migda\u0142 tradycyjny (Marcona y Largueta) wymaga innej odmiany do zapylenia, aby dosz\u0142o do zawi\u0105zania kwiat\u00f3w i wzrostu przysz\u0142ych owoc\u00f3w. W tym celu pszczo\u0142y przenosz\u0105 py\u0142ek z jednych drzew na inne, na co wp\u0142ywaj\u0105 ewentualne deszcze i niskie temperatury (poni\u017cej 14\u00baC). [\/vc_column_text][vc_single_image image=\u00bb4927&#8243; img_size=\u00bb600&#215;400&#8243; alignment=\u00bbcenter\u00bb image_hovers=\u00bbfalse\u00bb][vc_column_text]Natomiast nowe odmiany migda\u0142owc\u00f3w (Guara, Belona, Lauranne itd.) wykazuj\u0105 cechy samozgodno\u015bci i charakteryzuj\u0105 si\u0119 p\u00f3\u017aniejszym kwitni\u0119ciem, co znacznie poprawia perspektyw\u0119 agronomiczn\u0105 i rozwi\u0105zuje problemy zwi\u0105zane z niskimi temperaturami i zgodno\u015bci\u0105 zapylania.<\/p>\n<p>Etap kwitni\u0119cia zale\u017cy od rodzaju drzew migda\u0142owych. Migda\u0142 tradycyjny (Marcona y Largueta) wymaga innej odmiany do zapylenia, aby dosz\u0142o do zawi\u0105zania kwiat\u00f3w. W tym celu pszczo\u0142y przenosz\u0105 py\u0142ek z jednych drzew na inne. Na powy\u017csze mog\u0105 mie\u0107 wp\u0142yw ewentualne deszcze i temperatury poni\u017cej 14\u00baC. [\/vc_column_text][vc_single_image image=\u00bb4928&#8243; img_size=\u00bb600&#215;400&#8243; alignment=\u00bbcenter\u00bb image_hovers=\u00bbfalse\u00bb][vc_column_text]Nowe odmiany migda\u0142owc\u00f3w, natomiast, (Guara, Belona, Lauranne, etc) wykazuj\u0105 cechy samozgodno\u015bci i charakteryzuj\u0105 si\u0119 p\u00f3\u017aniejszym kwitni\u0119ciem, co znacznie poprawia perspektyw\u0119 agronomiczn\u0105 i rozwi\u0105zuje problemy dotycz\u0105ce warunk\u00f3w atmosferycznych.<\/p>\n<p><strong>Wzrost owoc\u00f3w<\/strong><\/p>\n<p>Po zako\u0144czeniu kwitni\u0119cia i zap\u0142odnieniu owoc\u00f3w dochodzi do ich zawi\u0105zania i wzrostu. Podczas tego etapu kluczow\u0105 rol\u0119 odgrywa woda i sk\u0142adniki od\u017cywcze, zapewniaj\u0105c poprawny rozw\u00f3j migda\u0142om. Poziom produkcji zale\u017ce\u0107 b\u0119dzie w\u00f3wczas od zdolno\u015bci drzewa do zapewnienia poprawnego rozwoju podczas miesi\u0119cy wiosennych i letnich. [\/vc_column_text][vc_single_image image=\u00bb4929&#8243; img_size=\u00bb600&#215;400&#8243; alignment=\u00bbcenter\u00bb image_hovers=\u00bbfalse\u00bb][vc_column_text]\u015awie\u017co zap\u0142odniony kwiat przekszta\u0142ca si\u0119 w owoc, kt\u00f3ry powi\u0119ksza sw\u00f3j rozmiar podczas nast\u0119pnych miesi\u0119cy, a\u017c do momentu osi\u0105gni\u0119cia dojrza\u0142o\u015bci w okresie letnim. Nale\u017cy pami\u0119ta\u0107 o poszczeg\u00f3lnych w\u0142a\u015bciwo\u015bciach ka\u017cdego miejsca pochodzenia, poniewa\u017c czynniki takie jak woda, obecno\u015b\u0107 szkodnik\u00f3w i choroby, czy te\u017c warunki atmosferyczne mog\u0105 wp\u0142yn\u0105\u0107 na poprawny wzrost owoc\u00f3w.[\/vc_column_text][vc_single_image image=\u00bb4930&#8243; img_size=\u00bb600&#215;400&#8243; alignment=\u00bbcenter\u00bb image_hovers=\u00bbfalse\u00bb][vc_column_text]Aby mie\u0107 na uwadze szkodniki i choroby, nieustannie przeprowadzamy szkolenia, podczas kt\u00f3rych przekazujemy naszym rolnikom porady w zakresie dobrych praktyk do walki z problemami zwi\u0105zanymi z migda\u0142owcami, aby zagwarantowa\u0107 najwy\u017csz\u0105 jako\u015b\u0107 i bezpiecze\u0144stwo spo\u017cywcze naszym produktom. [\/vc_column_text][vc_single_image image=\u00bb4931&#8243; img_size=\u00bb600&#215;400&#8243; alignment=\u00bbcenter\u00bb image_hovers=\u00bbfalse\u00bb][vc_column_text]Podobnie jak podczas etapu kwitni\u0119cia i zapylania, ka\u017cda odmiana posiada swoje w\u0142asne cechy decyduj\u0105ce o rozpocz\u0119ciu dojrzewania owoc\u00f3w, a co za tym idzie, o ich etapie ko\u0144cowym, czyli optymalnym momencie zbioru.<\/p>\n<p><strong>Zbi\u00f3r, suszenie i sk\u0142adowanie<\/strong><\/p>\n<p>W\u00f3wczas nast\u0119puje ostatni etap wzrostu owocu, po kt\u00f3rym osi\u0105gni\u0119ty zostaje optymalny stan dojrza\u0142o\u015bci. Nie nale\u017cy zapomina\u0107, \u017ce ka\u017cda odmiana i miejsce pochodzenia migda\u0142\u00f3w charakteryzuje si\u0119 w\u0142asnym kalendarzem, kt\u00f3ry zale\u017cy tak\u017ce od warunk\u00f3w atmosferycznych. [\/vc_column_text][vc_column_text]Kiedy owoc otwiera zewn\u0119trzn\u0105 \u0142upink\u0119, kt\u00f3ra chroni\u0142a go podczas okresu produkcyjnego, oznacza to, \u017ce nadszed\u0142 czas zbioru. Wilgotno\u015b\u0107 ziarna i ewentualne wady fizyczne zwi\u0105zane z pogod\u0105 stanowi\u0105 istotne czynniki decyduj\u0105ce o jako\u015bci (pomarszczone ziarna, wielko\u015b\u0107, obecno\u015b\u0107 szkodnik\u00f3w itd.).[\/vc_column_text][vc_single_image image=\u00bb4933&#8243; img_size=\u00bb600&#215;400&#8243; alignment=\u00bbcenter\u00bb image_hovers=\u00bbfalse\u00bb][vc_column_text]Technika zbioru, mimo istnienia alternatywnych metod, najcz\u0119\u015bciej polega na zastosowaniu narz\u0119dzia nazywanego \u201eodwr\u00f3conym parasolem\u201d, za pomoc\u0105 kt\u00f3rego traktor potrz\u0105sa migda\u0142owcem, str\u0105caj\u0105c owoce gotowe do zebrania.[\/vc_column_text][vc_single_image image=\u00bb4934&#8243; img_size=\u00bb600&#215;400&#8243; alignment=\u00bbcenter\u00bb image_hovers=\u00bbfalse\u00bb][vc_column_text]Jednak istniej\u0105 tak\u017ce inne sposoby zbioru, przystosowane do nowoczesnych sposob\u00f3w hodowli: kombajny, maszyny samojezdne, w\u00f3zki zbieraj\u0105ce itd.[\/vc_column_text][vc_single_image image=\u00bb4935&#8243; img_size=\u00bb600&#215;400&#8243; alignment=\u00bbcenter\u00bb image_hovers=\u00bbfalse\u00bb][vc_column_text]Nasi producenci zbieraj\u0105 i magazynuj\u0105 oddzielnie ka\u017cda odmian\u0119, dzi\u0119ki czemu produkt ko\u0144cowy nie wykazuje mieszanek gatunk\u00f3w. Suszenie migda\u0142\u00f3w do ich optymalnego stanu, magazynowanie w kontrolowanych warunkach oraz analiza jako\u015bci poprzedzaj\u0105 kolejny etap, kt\u00f3rym jest \u0142uskanie.<\/p>\n<p><strong>Dzia\u0142 zakup\u00f3w marki Importaco Ingredients.<\/strong>[\/vc_column_text][\/vc_column][\/vc_row]<\/p>\n<\/div>","protected":false},"excerpt":{"rendered":"<p>Po zbiorze migda\u0142\u00f3w i nadej\u015bciu ch\u0142odu rozpoczyna si\u0119 etap, podczas kt\u00f3rego migda\u0142owce powinny rozpocz\u0105\u0107 faz\u0119 odpoczynku lub przestoju zimowego, kt\u00f3ry trwa od opadni\u0119cia li\u015bci i jesiennego wstrzymania wegetacji do rozpocz\u0119cia kwitni\u0119cia, kiedy to wraz ze wzrostem temperatury wznawiana jest aktywno\u015b\u0107 wegetacyjna.<\/p>\n","protected":false},"author":1,"featured_media":4916,"comment_status":"closed","ping_status":"closed","sticky":false,"template":"","format":"standard","meta":{"_acf_changed":false,"content-type":"","footnotes":"","_links_to":"","_links_to_target":""},"categories":[142],"tags":[],"class_list":["post-4912","post","type-post","status-publish","format-standard","hentry","category-nasz-produkt"],"acf":[],"yoast_head":"<!-- This site is optimized with the Yoast SEO plugin v27.3 - https:\/\/yoast.com\/product\/yoast-seo-wordpress\/ -->\n<title>Zbi\u00f3r migda\u0142\u00f3w: z drzewa do fabryki | Itac Professional<\/title>\n<meta name=\"description\" content=\"Czy kiedykolwiek zastanawiali\u015bcie si\u0119, jak wygl\u0105da proces zbioru migda\u0142\u00f3w? Wyja\u015bniamy to Pa\u0144stwu w tym artykule naszego bloga.\" \/>\n<meta name=\"robots\" content=\"index, follow, max-snippet:-1, max-image-preview:large, max-video-preview:-1\" \/>\n<link rel=\"canonical\" href=\"https:\/\/www.itac-professional.com\/pl\/blog\/z-drzewa-do-fabryki-zbior-migdalow\/\" \/>\n<meta property=\"og:locale\" content=\"es_ES\" \/>\n<meta property=\"og:type\" content=\"article\" \/>\n<meta property=\"og:title\" content=\"Zbi\u00f3r migda\u0142\u00f3w: z drzewa do fabryki | Itac Professional\" \/>\n<meta property=\"og:description\" content=\"Czy kiedykolwiek zastanawiali\u015bcie si\u0119, jak wygl\u0105da proces zbioru migda\u0142\u00f3w? Wyja\u015bniamy to Pa\u0144stwu w tym artykule naszego bloga.\" \/>\n<meta property=\"og:url\" content=\"https:\/\/www.itac-professional.com\/pl\/blog\/z-drzewa-do-fabryki-zbior-migdalow\/\" \/>\n<meta property=\"og:site_name\" content=\"ITAC PROFESSIONAL\" \/>\n<meta property=\"article:publisher\" content=\"https:\/\/www.facebook.com\/itacpl\/?__tn__=%2cd%2cP-R&amp;amp%3bamp%3bamp%3beid=ARDlbBGdvN1GldNhuRmgHiU6tnbbCAl9fGzcoMdXJtpaDmSPPUWNWMZggUNgE-uhlBECVQWwd8uysOwe\" \/>\n<meta property=\"article:published_time\" content=\"2019-01-14T10:42:18+00:00\" \/>\n<meta property=\"article:modified_time\" content=\"2019-10-07T09:55:00+00:00\" \/>\n<meta property=\"og:image\" content=\"https:\/\/www.itac-professional.com\/wp-content\/uploads\/2019\/01\/Paraguas-1_CABECERA-1280x640.jpg\" \/>\n\t<meta property=\"og:image:width\" content=\"1280\" \/>\n\t<meta property=\"og:image:height\" content=\"640\" \/>\n\t<meta property=\"og:image:type\" content=\"image\/jpeg\" \/>\n<meta name=\"author\" content=\"admin\" \/>\n<meta name=\"twitter:card\" content=\"summary_large_image\" \/>\n<meta name=\"twitter:label1\" content=\"Escrito por\" \/>\n\t<meta name=\"twitter:data1\" content=\"admin\" \/>\n\t<meta name=\"twitter:label2\" content=\"Tiempo de lectura\" \/>\n\t<meta name=\"twitter:data2\" content=\"5 minutos\" \/>\n<script type=\"application\/ld+json\" class=\"yoast-schema-graph\">{\"@context\":\"https:\\\/\\\/schema.org\",\"@graph\":[{\"@type\":\"Article\",\"@id\":\"https:\\\/\\\/www.itac-professional.com\\\/pl\\\/blog\\\/z-drzewa-do-fabryki-zbior-migdalow\\\/#article\",\"isPartOf\":{\"@id\":\"https:\\\/\\\/www.itac-professional.com\\\/pl\\\/blog\\\/z-drzewa-do-fabryki-zbior-migdalow\\\/\"},\"author\":{\"name\":\"admin\",\"@id\":\"https:\\\/\\\/www.itac-professional.com\\\/pl\\\/#\\\/schema\\\/person\\\/725d5623e0274f9bc7e3929ead2db429\"},\"headline\":\"Z drzewa do fabryki &#8211; zbi\u00f3r migda\u0142\u00f3w\",\"datePublished\":\"2019-01-14T10:42:18+00:00\",\"dateModified\":\"2019-10-07T09:55:00+00:00\",\"mainEntityOfPage\":{\"@id\":\"https:\\\/\\\/www.itac-professional.com\\\/pl\\\/blog\\\/z-drzewa-do-fabryki-zbior-migdalow\\\/\"},\"wordCount\":1107,\"publisher\":{\"@id\":\"https:\\\/\\\/www.itac-professional.com\\\/pl\\\/#organization\"},\"image\":{\"@id\":\"https:\\\/\\\/www.itac-professional.com\\\/pl\\\/blog\\\/z-drzewa-do-fabryki-zbior-migdalow\\\/#primaryimage\"},\"thumbnailUrl\":\"https:\\\/\\\/www.itac-professional.com\\\/wp-content\\\/uploads\\\/2019\\\/01\\\/Paraguas-1_CABECERA-1280x640.jpg\",\"articleSection\":[\"NASZ PRODUKT\"],\"inLanguage\":\"es\"},{\"@type\":\"WebPage\",\"@id\":\"https:\\\/\\\/www.itac-professional.com\\\/pl\\\/blog\\\/z-drzewa-do-fabryki-zbior-migdalow\\\/\",\"url\":\"https:\\\/\\\/www.itac-professional.com\\\/pl\\\/blog\\\/z-drzewa-do-fabryki-zbior-migdalow\\\/\",\"name\":\"Zbi\u00f3r migda\u0142\u00f3w: z drzewa do fabryki | Itac Professional\",\"isPartOf\":{\"@id\":\"https:\\\/\\\/www.itac-professional.com\\\/pl\\\/#website\"},\"primaryImageOfPage\":{\"@id\":\"https:\\\/\\\/www.itac-professional.com\\\/pl\\\/blog\\\/z-drzewa-do-fabryki-zbior-migdalow\\\/#primaryimage\"},\"image\":{\"@id\":\"https:\\\/\\\/www.itac-professional.com\\\/pl\\\/blog\\\/z-drzewa-do-fabryki-zbior-migdalow\\\/#primaryimage\"},\"thumbnailUrl\":\"https:\\\/\\\/www.itac-professional.com\\\/wp-content\\\/uploads\\\/2019\\\/01\\\/Paraguas-1_CABECERA-1280x640.jpg\",\"datePublished\":\"2019-01-14T10:42:18+00:00\",\"dateModified\":\"2019-10-07T09:55:00+00:00\",\"description\":\"Czy kiedykolwiek zastanawiali\u015bcie si\u0119, jak wygl\u0105da proces zbioru migda\u0142\u00f3w? Wyja\u015bniamy to Pa\u0144stwu w tym artykule naszego bloga.\",\"breadcrumb\":{\"@id\":\"https:\\\/\\\/www.itac-professional.com\\\/pl\\\/blog\\\/z-drzewa-do-fabryki-zbior-migdalow\\\/#breadcrumb\"},\"inLanguage\":\"es\",\"potentialAction\":[{\"@type\":\"ReadAction\",\"target\":[\"https:\\\/\\\/www.itac-professional.com\\\/pl\\\/blog\\\/z-drzewa-do-fabryki-zbior-migdalow\\\/\"]}]},{\"@type\":\"ImageObject\",\"inLanguage\":\"es\",\"@id\":\"https:\\\/\\\/www.itac-professional.com\\\/pl\\\/blog\\\/z-drzewa-do-fabryki-zbior-migdalow\\\/#primaryimage\",\"url\":\"https:\\\/\\\/www.itac-professional.com\\\/wp-content\\\/uploads\\\/2019\\\/01\\\/Paraguas-1_CABECERA-1280x640.jpg\",\"contentUrl\":\"https:\\\/\\\/www.itac-professional.com\\\/wp-content\\\/uploads\\\/2019\\\/01\\\/Paraguas-1_CABECERA-1280x640.jpg\",\"width\":1280,\"height\":640},{\"@type\":\"BreadcrumbList\",\"@id\":\"https:\\\/\\\/www.itac-professional.com\\\/pl\\\/blog\\\/z-drzewa-do-fabryki-zbior-migdalow\\\/#breadcrumb\",\"itemListElement\":[{\"@type\":\"ListItem\",\"position\":1,\"name\":\"Inicio\",\"item\":\"https:\\\/\\\/www.itac-professional.com\\\/pl\\\/\"},{\"@type\":\"ListItem\",\"position\":2,\"name\":\"Z drzewa do fabryki &#8211; zbi\u00f3r migda\u0142\u00f3w\"}]},{\"@type\":\"WebSite\",\"@id\":\"https:\\\/\\\/www.itac-professional.com\\\/pl\\\/#website\",\"url\":\"https:\\\/\\\/www.itac-professional.com\\\/pl\\\/\",\"name\":\"ITAC PROFESSIONAL\",\"description\":\"Frutos secos, frutas desecadas, snacks ...\",\"publisher\":{\"@id\":\"https:\\\/\\\/www.itac-professional.com\\\/pl\\\/#organization\"},\"potentialAction\":[{\"@type\":\"SearchAction\",\"target\":{\"@type\":\"EntryPoint\",\"urlTemplate\":\"https:\\\/\\\/www.itac-professional.com\\\/pl\\\/?s={search_term_string}\"},\"query-input\":{\"@type\":\"PropertyValueSpecification\",\"valueRequired\":true,\"valueName\":\"search_term_string\"}}],\"inLanguage\":\"es\"},{\"@type\":\"Organization\",\"@id\":\"https:\\\/\\\/www.itac-professional.com\\\/pl\\\/#organization\",\"name\":\"Itac Professional\",\"url\":\"https:\\\/\\\/www.itac-professional.com\\\/pl\\\/\",\"logo\":{\"@type\":\"ImageObject\",\"inLanguage\":\"es\",\"@id\":\"https:\\\/\\\/www.itac-professional.com\\\/pl\\\/#\\\/schema\\\/logo\\\/image\\\/\",\"url\":\"https:\\\/\\\/www.itac-professional.com\\\/wp-content\\\/uploads\\\/2018\\\/10\\\/LOGO-ITACPROF-160.png\",\"contentUrl\":\"https:\\\/\\\/www.itac-professional.com\\\/wp-content\\\/uploads\\\/2018\\\/10\\\/LOGO-ITACPROF-160.png\",\"width\":160,\"height\":80,\"caption\":\"Itac Professional\"},\"image\":{\"@id\":\"https:\\\/\\\/www.itac-professional.com\\\/pl\\\/#\\\/schema\\\/logo\\\/image\\\/\"},\"sameAs\":[\"https:\\\/\\\/www.facebook.com\\\/itacpl\\\/?__tn__=,d,P-R&amp;amp;amp;eid=ARDlbBGdvN1GldNhuRmgHiU6tnbbCAl9fGzcoMdXJtpaDmSPPUWNWMZggUNgE-uhlBECVQWwd8uysOwe\",\"https:\\\/\\\/www.linkedin.com\\\/sharing\\\/share-offsite\\\/?url=https:\\\/\\\/www.itac-professional.com\\\/retail\\\/\"]},{\"@type\":\"Person\",\"@id\":\"https:\\\/\\\/www.itac-professional.com\\\/pl\\\/#\\\/schema\\\/person\\\/725d5623e0274f9bc7e3929ead2db429\",\"name\":\"admin\",\"image\":{\"@type\":\"ImageObject\",\"inLanguage\":\"es\",\"@id\":\"https:\\\/\\\/secure.gravatar.com\\\/avatar\\\/d776c62f975ecb1bf0e7a19765cdfee5128962c013e27517dcc532c2cf78e1a8?s=96&d=mm&r=g\",\"url\":\"https:\\\/\\\/secure.gravatar.com\\\/avatar\\\/d776c62f975ecb1bf0e7a19765cdfee5128962c013e27517dcc532c2cf78e1a8?s=96&d=mm&r=g\",\"contentUrl\":\"https:\\\/\\\/secure.gravatar.com\\\/avatar\\\/d776c62f975ecb1bf0e7a19765cdfee5128962c013e27517dcc532c2cf78e1a8?s=96&d=mm&r=g\",\"caption\":\"admin\"},\"url\":\"https:\\\/\\\/www.itac-professional.com\\\/pl\\\/blog\\\/author\\\/admin\\\/\"}]}<\/script>\n<!-- \/ Yoast SEO plugin. -->","yoast_head_json":{"title":"Zbi\u00f3r migda\u0142\u00f3w: z drzewa do fabryki | Itac Professional","description":"Czy kiedykolwiek zastanawiali\u015bcie si\u0119, jak wygl\u0105da proces zbioru migda\u0142\u00f3w? Wyja\u015bniamy to Pa\u0144stwu w tym artykule naszego bloga.","robots":{"index":"index","follow":"follow","max-snippet":"max-snippet:-1","max-image-preview":"max-image-preview:large","max-video-preview":"max-video-preview:-1"},"canonical":"https:\/\/www.itac-professional.com\/pl\/blog\/z-drzewa-do-fabryki-zbior-migdalow\/","og_locale":"es_ES","og_type":"article","og_title":"Zbi\u00f3r migda\u0142\u00f3w: z drzewa do fabryki | Itac Professional","og_description":"Czy kiedykolwiek zastanawiali\u015bcie si\u0119, jak wygl\u0105da proces zbioru migda\u0142\u00f3w? Wyja\u015bniamy to Pa\u0144stwu w tym artykule naszego bloga.","og_url":"https:\/\/www.itac-professional.com\/pl\/blog\/z-drzewa-do-fabryki-zbior-migdalow\/","og_site_name":"ITAC PROFESSIONAL","article_publisher":"https:\/\/www.facebook.com\/itacpl\/?__tn__=%2cd%2cP-R&amp%3bamp%3bamp%3beid=ARDlbBGdvN1GldNhuRmgHiU6tnbbCAl9fGzcoMdXJtpaDmSPPUWNWMZggUNgE-uhlBECVQWwd8uysOwe","article_published_time":"2019-01-14T10:42:18+00:00","article_modified_time":"2019-10-07T09:55:00+00:00","og_image":[{"width":1280,"height":640,"url":"https:\/\/www.itac-professional.com\/wp-content\/uploads\/2019\/01\/Paraguas-1_CABECERA-1280x640.jpg","type":"image\/jpeg"}],"author":"admin","twitter_card":"summary_large_image","twitter_misc":{"Escrito por":"admin","Tiempo de lectura":"5 minutos"},"schema":{"@context":"https:\/\/schema.org","@graph":[{"@type":"Article","@id":"https:\/\/www.itac-professional.com\/pl\/blog\/z-drzewa-do-fabryki-zbior-migdalow\/#article","isPartOf":{"@id":"https:\/\/www.itac-professional.com\/pl\/blog\/z-drzewa-do-fabryki-zbior-migdalow\/"},"author":{"name":"admin","@id":"https:\/\/www.itac-professional.com\/pl\/#\/schema\/person\/725d5623e0274f9bc7e3929ead2db429"},"headline":"Z drzewa do fabryki &#8211; zbi\u00f3r migda\u0142\u00f3w","datePublished":"2019-01-14T10:42:18+00:00","dateModified":"2019-10-07T09:55:00+00:00","mainEntityOfPage":{"@id":"https:\/\/www.itac-professional.com\/pl\/blog\/z-drzewa-do-fabryki-zbior-migdalow\/"},"wordCount":1107,"publisher":{"@id":"https:\/\/www.itac-professional.com\/pl\/#organization"},"image":{"@id":"https:\/\/www.itac-professional.com\/pl\/blog\/z-drzewa-do-fabryki-zbior-migdalow\/#primaryimage"},"thumbnailUrl":"https:\/\/www.itac-professional.com\/wp-content\/uploads\/2019\/01\/Paraguas-1_CABECERA-1280x640.jpg","articleSection":["NASZ PRODUKT"],"inLanguage":"es"},{"@type":"WebPage","@id":"https:\/\/www.itac-professional.com\/pl\/blog\/z-drzewa-do-fabryki-zbior-migdalow\/","url":"https:\/\/www.itac-professional.com\/pl\/blog\/z-drzewa-do-fabryki-zbior-migdalow\/","name":"Zbi\u00f3r migda\u0142\u00f3w: z drzewa do fabryki | Itac Professional","isPartOf":{"@id":"https:\/\/www.itac-professional.com\/pl\/#website"},"primaryImageOfPage":{"@id":"https:\/\/www.itac-professional.com\/pl\/blog\/z-drzewa-do-fabryki-zbior-migdalow\/#primaryimage"},"image":{"@id":"https:\/\/www.itac-professional.com\/pl\/blog\/z-drzewa-do-fabryki-zbior-migdalow\/#primaryimage"},"thumbnailUrl":"https:\/\/www.itac-professional.com\/wp-content\/uploads\/2019\/01\/Paraguas-1_CABECERA-1280x640.jpg","datePublished":"2019-01-14T10:42:18+00:00","dateModified":"2019-10-07T09:55:00+00:00","description":"Czy kiedykolwiek zastanawiali\u015bcie si\u0119, jak wygl\u0105da proces zbioru migda\u0142\u00f3w? Wyja\u015bniamy to Pa\u0144stwu w tym artykule naszego bloga.","breadcrumb":{"@id":"https:\/\/www.itac-professional.com\/pl\/blog\/z-drzewa-do-fabryki-zbior-migdalow\/#breadcrumb"},"inLanguage":"es","potentialAction":[{"@type":"ReadAction","target":["https:\/\/www.itac-professional.com\/pl\/blog\/z-drzewa-do-fabryki-zbior-migdalow\/"]}]},{"@type":"ImageObject","inLanguage":"es","@id":"https:\/\/www.itac-professional.com\/pl\/blog\/z-drzewa-do-fabryki-zbior-migdalow\/#primaryimage","url":"https:\/\/www.itac-professional.com\/wp-content\/uploads\/2019\/01\/Paraguas-1_CABECERA-1280x640.jpg","contentUrl":"https:\/\/www.itac-professional.com\/wp-content\/uploads\/2019\/01\/Paraguas-1_CABECERA-1280x640.jpg","width":1280,"height":640},{"@type":"BreadcrumbList","@id":"https:\/\/www.itac-professional.com\/pl\/blog\/z-drzewa-do-fabryki-zbior-migdalow\/#breadcrumb","itemListElement":[{"@type":"ListItem","position":1,"name":"Inicio","item":"https:\/\/www.itac-professional.com\/pl\/"},{"@type":"ListItem","position":2,"name":"Z drzewa do fabryki &#8211; zbi\u00f3r migda\u0142\u00f3w"}]},{"@type":"WebSite","@id":"https:\/\/www.itac-professional.com\/pl\/#website","url":"https:\/\/www.itac-professional.com\/pl\/","name":"ITAC PROFESSIONAL","description":"Frutos secos, frutas desecadas, snacks ...","publisher":{"@id":"https:\/\/www.itac-professional.com\/pl\/#organization"},"potentialAction":[{"@type":"SearchAction","target":{"@type":"EntryPoint","urlTemplate":"https:\/\/www.itac-professional.com\/pl\/?s={search_term_string}"},"query-input":{"@type":"PropertyValueSpecification","valueRequired":true,"valueName":"search_term_string"}}],"inLanguage":"es"},{"@type":"Organization","@id":"https:\/\/www.itac-professional.com\/pl\/#organization","name":"Itac Professional","url":"https:\/\/www.itac-professional.com\/pl\/","logo":{"@type":"ImageObject","inLanguage":"es","@id":"https:\/\/www.itac-professional.com\/pl\/#\/schema\/logo\/image\/","url":"https:\/\/www.itac-professional.com\/wp-content\/uploads\/2018\/10\/LOGO-ITACPROF-160.png","contentUrl":"https:\/\/www.itac-professional.com\/wp-content\/uploads\/2018\/10\/LOGO-ITACPROF-160.png","width":160,"height":80,"caption":"Itac Professional"},"image":{"@id":"https:\/\/www.itac-professional.com\/pl\/#\/schema\/logo\/image\/"},"sameAs":["https:\/\/www.facebook.com\/itacpl\/?__tn__=,d,P-R&amp;amp;amp;eid=ARDlbBGdvN1GldNhuRmgHiU6tnbbCAl9fGzcoMdXJtpaDmSPPUWNWMZggUNgE-uhlBECVQWwd8uysOwe","https:\/\/www.linkedin.com\/sharing\/share-offsite\/?url=https:\/\/www.itac-professional.com\/retail\/"]},{"@type":"Person","@id":"https:\/\/www.itac-professional.com\/pl\/#\/schema\/person\/725d5623e0274f9bc7e3929ead2db429","name":"admin","image":{"@type":"ImageObject","inLanguage":"es","@id":"https:\/\/secure.gravatar.com\/avatar\/d776c62f975ecb1bf0e7a19765cdfee5128962c013e27517dcc532c2cf78e1a8?s=96&d=mm&r=g","url":"https:\/\/secure.gravatar.com\/avatar\/d776c62f975ecb1bf0e7a19765cdfee5128962c013e27517dcc532c2cf78e1a8?s=96&d=mm&r=g","contentUrl":"https:\/\/secure.gravatar.com\/avatar\/d776c62f975ecb1bf0e7a19765cdfee5128962c013e27517dcc532c2cf78e1a8?s=96&d=mm&r=g","caption":"admin"},"url":"https:\/\/www.itac-professional.com\/pl\/blog\/author\/admin\/"}]}},"_links":{"self":[{"href":"https:\/\/www.itac-professional.com\/pl\/wp-json\/wp\/v2\/posts\/4912","targetHints":{"allow":["GET"]}}],"collection":[{"href":"https:\/\/www.itac-professional.com\/pl\/wp-json\/wp\/v2\/posts"}],"about":[{"href":"https:\/\/www.itac-professional.com\/pl\/wp-json\/wp\/v2\/types\/post"}],"author":[{"embeddable":true,"href":"https:\/\/www.itac-professional.com\/pl\/wp-json\/wp\/v2\/users\/1"}],"replies":[{"embeddable":true,"href":"https:\/\/www.itac-professional.com\/pl\/wp-json\/wp\/v2\/comments?post=4912"}],"version-history":[{"count":7,"href":"https:\/\/www.itac-professional.com\/pl\/wp-json\/wp\/v2\/posts\/4912\/revisions"}],"predecessor-version":[{"id":6152,"href":"https:\/\/www.itac-professional.com\/pl\/wp-json\/wp\/v2\/posts\/4912\/revisions\/6152"}],"wp:featuredmedia":[{"embeddable":true,"href":"https:\/\/www.itac-professional.com\/pl\/wp-json\/wp\/v2\/media\/4916"}],"wp:attachment":[{"href":"https:\/\/www.itac-professional.com\/pl\/wp-json\/wp\/v2\/media?parent=4912"}],"wp:term":[{"taxonomy":"category","embeddable":true,"href":"https:\/\/www.itac-professional.com\/pl\/wp-json\/wp\/v2\/categories?post=4912"},{"taxonomy":"post_tag","embeddable":true,"href":"https:\/\/www.itac-professional.com\/pl\/wp-json\/wp\/v2\/tags?post=4912"}],"curies":[{"name":"wp","href":"https:\/\/api.w.org\/{rel}","templated":true}]}}