{"id":11354,"date":"2021-06-23T09:42:32","date_gmt":"2021-06-23T07:42:32","guid":{"rendered":"https:\/\/itacpro.develacq.startgoconnection.es\/blog\/importaco-took-part-of-the-6th-sab-almendrave-almond-and-hazelnut-gathering-to-talk-about-the-sustainable-transformation-of-these-crops-2\/"},"modified":"2023-11-16T11:14:33","modified_gmt":"2023-11-16T09:14:33","slug":"importaco-took-part-of-the-6th-sab-almendrave-almond-and-hazelnut-gathering-to-talk-about-the-sustainable-transformation-of-these-crops-2","status":"publish","type":"post","link":"https:\/\/www.itac-professional.com\/en\/blog\/importaco-took-part-of-the-6th-sab-almendrave-almond-and-hazelnut-gathering-to-talk-about-the-sustainable-transformation-of-these-crops-2\/","title":{"rendered":"Importaco took part of the 6th SAB-Almendrave Almond and Hazelnut Gathering to talk about the sustainable transformation of these crops"},"content":{"rendered":"<p><span style=\"font-weight: 400;\">The <\/span><i><span style=\"font-weight: 400;\">Agrupaci\u00f3n de Exportadores de Almendra y Avellana de Espa\u00f1a<\/span><\/i> <b>(<\/b><span style=\"font-weight: 400;\">Spanish Almond Board,<\/span> <a href=\"https:\/\/www.almendrave.com\/\" target=\"_blank\" rel=\"noopener\"><b>SAB-Almendrave<\/b><\/a><span style=\"font-weight: 400;\">) <\/span><span style=\"font-weight: 400;\">held the <\/span><b>sixth almond and hazelnut gathering<\/b><span style=\"font-weight: 400;\">, entitled this year round <\/span><b>\u201cCrops, sustainability and health: Almond and hazelnut sector commitments\u201d \u2013 <\/b><span style=\"font-weight: 400;\">a virtual event that saw the participation of <\/span><b>Importaco Group, <\/b><span style=\"font-weight: 400;\">which contributed its experience in the field of <\/span><b>sustainable transformation of <\/b><a href=\"https:\/\/www.itac-professional.com\/en\/almond-producers\/\"><b>almond<\/b><\/a><b> and <\/b><a href=\"https:\/\/www.itac-professional.com\/en\/products\/hazelnuts\/\" target=\"_blank\" rel=\"noopener\"><b>hazelnut<\/b><\/a><b> crops.<\/b><\/p>\n<p>&nbsp;<\/p>\n<p><span style=\"font-weight: 400;\">This event saw the participation of national and international experts who <\/span><b>analysed the new developments and forecasts related to the cultivation of these crops<\/b><span style=\"font-weight: 400;\"> around the world, with a focus on sustainability, environmental policies and the <\/span><b>health<\/b> <b>benefits of almonds and hazelnuts.<\/b><\/p>\n<p>&nbsp;<\/p>\n<p><span style=\"font-weight: 400;\">During the opening speech, the president of SAB-Almendrave, Pere Ferr\u00e9, highlighted that the cultivation of almond trees has grown by 36% in the last six years, for a total of 718,540 hectares.<\/span><b> \u201cWhat is more important is that most of the new plantations are on irrigable land, reaching 118,000 hectares from the previous 46,000<\/b><b>\u201d.<\/b><\/p>\n<p>&nbsp;<\/p>\n<p><span style=\"font-weight: 400;\">Later, several international experts discussed the outlook for the new crops. Richard Waycott, president and CEO of the Almond Board of California, stated that they are experiencing a drought that \u201cwill undoubtedly affect production costs in our valley, since more money must be paid for the use of the water\u201d.<\/span><\/p>\n<p>&nbsp;<\/p>\n<p><span style=\"font-weight: 400;\">And in this regard, Ross Skinner, CEO of the <\/span><b>Almond Board of Australia,<\/b><span style=\"font-weight: 400;\"> estimated that <\/span><b>this year they will reach 58,000 crop hectares and 123,000 tons of almonds, expecting their production potential to reach 180,000 tons by 2025.<\/b><\/p>\n<p>&nbsp;<\/p>\n<p><span style=\"font-weight: 400;\">On the other hand, the <\/span><b>production potential of Spain is expected to amount to 180,000 tons by 2024.<\/b><\/p>\n<p>&nbsp;<\/p>\n<h2><b>Sustainability, environment and health<\/b><\/h2>\n<p><span style=\"font-weight: 400;\">The next block focused on <\/span><b>sustainability, environment and health<\/b><span style=\"font-weight: 400;\">. Gaspar Alapont, Importaco Group\u2019s director of almond purchases in Spain, gave the opening talk titled \u201cAlmond and hazelnut: sustainable, eco-friendly crops that are highly beneficial to people\u2019s health\u201d.<\/span><\/p>\n<p>&nbsp;<\/p>\n<p><span style=\"font-weight: 400;\">During his talk, he explained that the priority for all stakeholders in the value chain is \u201cto be compliant with today\u2019s environmental policies from the field, through industries, to the customers \u2013 especially the end consumer\u201d.<\/span><\/p>\n<p>&nbsp;<\/p>\n<p><b>\u201cThe consumer is asking that we have more social responsibility in relation to the environment\u201d, Gaspar claimed.<\/b><\/p>\n<p><b>\u00a0<\/b><\/p>\n<h3><b><img decoding=\"async\" class=\"aligncenter wp-image-11202 size-large\" src=\"https:\/\/www.itac-professional.com\/wp-content\/uploads\/2021\/06\/Captura1-1024x568.png\" alt=\"\" width=\"1024\" height=\"568\" srcset=\"https:\/\/www.itac-professional.com\/wp-content\/uploads\/2021\/06\/Captura1-1024x568.png 1024w, https:\/\/www.itac-professional.com\/wp-content\/uploads\/2021\/06\/Captura1-600x333.png 600w, https:\/\/www.itac-professional.com\/wp-content\/uploads\/2021\/06\/Captura1-300x166.png 300w, https:\/\/www.itac-professional.com\/wp-content\/uploads\/2021\/06\/Captura1-768x426.png 768w, https:\/\/www.itac-professional.com\/wp-content\/uploads\/2021\/06\/Captura1.png 1191w\" sizes=\"(max-width: 1024px) 100vw, 1024px\" \/><\/b><\/h3>\n<h3><\/h3>\n<h3><\/h3>\n<p>&nbsp;<\/p>\n<h3><b>Global certifications and standards at every link in the chain<\/b><\/h3>\n<p><span style=\"font-weight: 400;\">Gaspar Alapont insisted on \u201cstressing the importance of maintaining global standards that facilitate transactions with stakeholders from different countries\u201d. The goal is of each stakeholder in the value chain to \u201cwork under the same operational standards, such as Global GAP, IFS, BRC; in order to homogenise and guarantee a <\/span><i><span style=\"font-weight: 400;\">modulus operandi<\/span><\/i><span style=\"font-weight: 400;\"> that allows customers to receive the product they paid for with all the assurances this implies\u201d.<\/span><\/p>\n<p><span style=\"font-weight: 400;\">\u00a0<\/span><\/p>\n<h3><b>Bitter almonds<\/b><\/h3>\n<p><span style=\"font-weight: 400;\">This was another of the critical issues discussed during the event. \u201cSpanish almonds have been associated with this peculiarity in the past because bitter almonds would be mixed with conventional ones. Now, we are in a position where we can guarantee the absence of bitter almonds through a late flowering stage. This needs to be a standard that must be passed on to every country. To do this, we must work and raise awareness at the source working with the farmers\u201d, Gaspar explained.<\/span><\/p>\n<p><span style=\"font-weight: 400;\">\u00a0<\/span><\/p>\n<h3><b>The importance of jointly defining standard varieties in the sector<\/b><\/h3>\n<p><span style=\"font-weight: 400;\">In addition, Gaspar also weighed in about the importance of jointly defining standard varieties in the sector: \u201cAs for global standards, with the arrival of major productions, we must understand the final product as a final variety or mixture that is perfectly defined, agreed upon and identified across the entire industry \u2013 from the farmer, all the way to the customer\u201d.<\/span><\/p>\n<p>&nbsp;<\/p>\n<p><span style=\"font-weight: 400;\">On the other hand, Jos\u00e9 Manuel \u00c1vila, general director of <\/span><b><i>Fundaci\u00f3n Espa\u00f1ola de la Nutrici\u00f3n<\/i><\/b> <span style=\"font-weight: 400;\">(Spanish Nutrition Foundation)<\/span><b>, <\/b><span style=\"font-weight: 400;\">weighed in about the nutritional advantages of almonds and hazelnuts: \u201cSweet almond has a high fat content \u2013 especially monounsaturated fats; it is a <\/span><b>source of vegetable proteins<\/b><span style=\"font-weight: 400;\"> and, to a lesser extent, it contains carbohydrates. As for the hazelnut, 78% of its fat is monounsaturated. They are like small capsules of olive oil.<\/span><\/p>\n<p>&nbsp;<\/p>\n<p>&nbsp;<\/p>\n<h2><b>Results of the <\/b><b>\u00abDetection and Eradication of Bitter Almond\u00bb<\/b><b> Taskforce<\/b><\/h2>\n<p><span style=\"font-weight: 400;\">During this seminar, the <\/span><b>results of the \u00abDetection and Eradication of Bitter Almond\u00bb taskforce, <\/b><span style=\"font-weight: 400;\">led by SAB-Almendrave, were also informed, whose members include Importaco and SMEs, multinationals, national producer organisations, cooperatives and R&amp;D centres.<\/span><\/p>\n<p>&nbsp;<\/p>\n<p><span style=\"font-weight: 400;\">Xavier Miarnau, IRTA horticultural crop specialist and technical coordinator of the Taskforce, highlighted <\/span><b>that 25% of the surface monitored by the project, which can be extrapolated to 50% of the country\u2019s surface, was at risk of having bitter almonds.<\/b><\/p>\n<p>&nbsp;<\/p>\n<p><span style=\"font-weight: 400;\">For her part, Isabel Bombal, general director of Rural Development, Innovation and Forestry Policy of the Ministry of Agriculture, Fishing and Food, stated that \u201cthis taskforce is an example of how a sector can innovate by integrating technological solutions throughout the entire chain\u201d.<\/span><\/p>\n<p>&nbsp;<\/p>\n<h2><b>Spain, the main producer of nuts in the EU<\/b><\/h2>\n<p><span style=\"font-weight: 400;\">The closing event of this meeting saw the participation of Mar\u00eda Ang\u00e9lica Mateo, head of the Fruit and Vegetable Department of the General Sub-Directorate of Fruit and Vegetables and Viticulture of the Ministry of Agriculture, who highlighted that <\/span><b>Spain is the main producer and exporter of nuts in Europe and the second exporter worldwide, with exports valued at 700 million euros.<\/b><\/p>\n<p>&nbsp;<\/p>\n<p><span style=\"font-weight: 400;\">\u201cThe sector has made authentic efforts, focusing on traditional models, but also on intensive models where irrigable land is increasingly gaining importance. At the Ministry of Agriculture, Fishing and Food we consider that it is a key sector.<\/span><\/p>\n<p>&nbsp;<\/p>\n<p><span style=\"font-weight: 400;\">The event can be seen in its entirety in <\/span><a href=\"https:\/\/youtu.be\/T7Ya-TkeaGM\" target=\"_blank\" rel=\"noopener\"><span style=\"font-weight: 400;\">Almendrave\u2019s YouTube channel.<\/span><\/a><\/p>\n<p>&nbsp;<\/p>\n<h4>Download the complete Guide to Almonds<img decoding=\"async\" class=\"wp-image-11205 size-medium alignleft\" src=\"http:\/\/itac-professional.com\/wp-content\/uploads\/2021\/06\/Guia_alemdra-2-300x300.png\" alt=\"gu\u00eda completa almendra\" width=\"300\" height=\"300\" srcset=\"https:\/\/www.itac-professional.com\/wp-content\/uploads\/2021\/06\/Guia_alemdra-2-300x300.png 300w, https:\/\/www.itac-professional.com\/wp-content\/uploads\/2021\/06\/Guia_alemdra-2-100x100.png 100w, https:\/\/www.itac-professional.com\/wp-content\/uploads\/2021\/06\/Guia_alemdra-2-200x200.png 200w, https:\/\/www.itac-professional.com\/wp-content\/uploads\/2021\/06\/Guia_alemdra-2.png 316w\" sizes=\"(max-width: 300px) 100vw, 300px\" \/><\/h4>\n<h4><!--HubSpot Call-to-Action Code --><span id=\"hs-cta-wrapper-188db070-5375-41a2-b5c1-afe732c10fc3\" class=\"hs-cta-wrapper\"><span id=\"hs-cta-188db070-5375-41a2-b5c1-afe732c10fc3\" class=\"hs-cta-node hs-cta-188db070-5375-41a2-b5c1-afe732c10fc3\"><!-- [if lte IE 8]>\n\n\n<div id=\"hs-cta-ie-element\"><\/div>\n\n\n<![endif]--><a href=\"https:\/\/cta-redirect.hubspot.com\/cta\/redirect\/5343932\/188db070-5375-41a2-b5c1-afe732c10fc3\" target=\"_blank\" rel=\"noopener\"><img decoding=\"async\" id=\"hs-cta-img-188db070-5375-41a2-b5c1-afe732c10fc3\" class=\"hs-cta-img\" style=\"border-width: 0px;\" src=\"https:\/\/no-cache.hubspot.com\/cta\/default\/5343932\/188db070-5375-41a2-b5c1-afe732c10fc3.png\" alt=\"download\" \/><\/a><\/span><\/span><!-- end HubSpot Call-to-Action Code --><\/h4>\n<p>&nbsp;<\/p>\n","protected":false},"excerpt":{"rendered":"<p>The Agrupaci\u00f3n de Exportadores de Almendra y Avellana de Espa\u00f1a (Spanish Almond Board, SAB-Almendrave) held the sixth almond and hazelnut gathering, entitled this year round \u201cCrops, sustainability and health: Almond and hazelnut sector commitments\u201d \u2013 a virtual event that saw the participation of Importaco Group, which contributed its experience in the field of sustainable transformation&hellip;<\/p>\n","protected":false},"author":1,"featured_media":11248,"comment_status":"closed","ping_status":"closed","sticky":false,"template":"","format":"standard","meta":{"_acf_changed":false,"content-type":"","footnotes":"","_links_to":"","_links_to_target":""},"categories":[187],"tags":[],"class_list":["post-11354","post","type-post","status-publish","format-standard","hentry","category-current-news"],"acf":[],"yoast_head":"<!-- This site is optimized with the Yoast SEO plugin v27.3 - https:\/\/yoast.com\/product\/yoast-seo-wordpress\/ -->\n<title>6th SAB-Almendrave Almond and Hazelnut<\/title>\n<meta name=\"robots\" content=\"index, follow, max-snippet:-1, max-image-preview:large, max-video-preview:-1\" \/>\n<link rel=\"canonical\" href=\"https:\/\/www.itac-professional.com\/en\/blog\/importaco-took-part-of-the-6th-sab-almendrave-almond-and-hazelnut-gathering-to-talk-about-the-sustainable-transformation-of-these-crops-2\/\" \/>\n<meta property=\"og:locale\" content=\"es_ES\" \/>\n<meta property=\"og:type\" content=\"article\" \/>\n<meta property=\"og:title\" content=\"6th SAB-Almendrave Almond and Hazelnut\" \/>\n<meta property=\"og:description\" content=\"The Agrupaci\u00f3n de Exportadores de Almendra y Avellana de Espa\u00f1a (Spanish Almond Board, SAB-Almendrave) held the sixth almond and hazelnut gathering, entitled this year round \u201cCrops, sustainability and health: Almond and hazelnut sector commitments\u201d \u2013 a virtual event that saw the participation of Importaco Group, which contributed its experience in the field of sustainable transformation&hellip;\" \/>\n<meta property=\"og:url\" content=\"https:\/\/www.itac-professional.com\/en\/blog\/importaco-took-part-of-the-6th-sab-almendrave-almond-and-hazelnut-gathering-to-talk-about-the-sustainable-transformation-of-these-crops-2\/\" \/>\n<meta property=\"og:site_name\" content=\"ITAC PROFESSIONAL\" \/>\n<meta property=\"article:publisher\" content=\"https:\/\/www.facebook.com\/itacpl\/?__tn__=%2cd%2cP-R&amp;amp%3bamp%3bamp%3beid=ARDlbBGdvN1GldNhuRmgHiU6tnbbCAl9fGzcoMdXJtpaDmSPPUWNWMZggUNgE-uhlBECVQWwd8uysOwe\" \/>\n<meta property=\"article:published_time\" content=\"2021-06-23T07:42:32+00:00\" \/>\n<meta property=\"article:modified_time\" content=\"2023-11-16T09:14:33+00:00\" \/>\n<meta property=\"og:image\" content=\"https:\/\/www.itac-professional.com\/wp-content\/uploads\/2021\/06\/Diseno-sin-titulo-6.jpg\" \/>\n\t<meta property=\"og:image:width\" content=\"1280\" \/>\n\t<meta property=\"og:image:height\" content=\"840\" \/>\n\t<meta property=\"og:image:type\" content=\"image\/jpeg\" \/>\n<meta name=\"author\" content=\"admin\" \/>\n<meta name=\"twitter:card\" content=\"summary_large_image\" \/>\n<meta name=\"twitter:label1\" content=\"Escrito por\" \/>\n\t<meta name=\"twitter:data1\" content=\"admin\" \/>\n\t<meta name=\"twitter:label2\" content=\"Tiempo de lectura\" \/>\n\t<meta name=\"twitter:data2\" content=\"5 minutos\" \/>\n<script type=\"application\/ld+json\" class=\"yoast-schema-graph\">{\"@context\":\"https:\\\/\\\/schema.org\",\"@graph\":[{\"@type\":\"Article\",\"@id\":\"https:\\\/\\\/www.itac-professional.com\\\/en\\\/blog\\\/importaco-took-part-of-the-6th-sab-almendrave-almond-and-hazelnut-gathering-to-talk-about-the-sustainable-transformation-of-these-crops-2\\\/#article\",\"isPartOf\":{\"@id\":\"https:\\\/\\\/www.itac-professional.com\\\/en\\\/blog\\\/importaco-took-part-of-the-6th-sab-almendrave-almond-and-hazelnut-gathering-to-talk-about-the-sustainable-transformation-of-these-crops-2\\\/\"},\"author\":{\"name\":\"admin\",\"@id\":\"https:\\\/\\\/www.itac-professional.com\\\/en\\\/#\\\/schema\\\/person\\\/725d5623e0274f9bc7e3929ead2db429\"},\"headline\":\"Importaco took part of the 6th SAB-Almendrave Almond and Hazelnut Gathering to talk about the sustainable transformation of these crops\",\"datePublished\":\"2021-06-23T07:42:32+00:00\",\"dateModified\":\"2023-11-16T09:14:33+00:00\",\"mainEntityOfPage\":{\"@id\":\"https:\\\/\\\/www.itac-professional.com\\\/en\\\/blog\\\/importaco-took-part-of-the-6th-sab-almendrave-almond-and-hazelnut-gathering-to-talk-about-the-sustainable-transformation-of-these-crops-2\\\/\"},\"wordCount\":948,\"publisher\":{\"@id\":\"https:\\\/\\\/www.itac-professional.com\\\/en\\\/#organization\"},\"image\":{\"@id\":\"https:\\\/\\\/www.itac-professional.com\\\/en\\\/blog\\\/importaco-took-part-of-the-6th-sab-almendrave-almond-and-hazelnut-gathering-to-talk-about-the-sustainable-transformation-of-these-crops-2\\\/#primaryimage\"},\"thumbnailUrl\":\"https:\\\/\\\/www.itac-professional.com\\\/wp-content\\\/uploads\\\/2021\\\/06\\\/Diseno-sin-titulo-6.jpg\",\"articleSection\":[\"Current News\"],\"inLanguage\":\"es\"},{\"@type\":\"WebPage\",\"@id\":\"https:\\\/\\\/www.itac-professional.com\\\/en\\\/blog\\\/importaco-took-part-of-the-6th-sab-almendrave-almond-and-hazelnut-gathering-to-talk-about-the-sustainable-transformation-of-these-crops-2\\\/\",\"url\":\"https:\\\/\\\/www.itac-professional.com\\\/en\\\/blog\\\/importaco-took-part-of-the-6th-sab-almendrave-almond-and-hazelnut-gathering-to-talk-about-the-sustainable-transformation-of-these-crops-2\\\/\",\"name\":\"6th SAB-Almendrave Almond and Hazelnut\",\"isPartOf\":{\"@id\":\"https:\\\/\\\/www.itac-professional.com\\\/en\\\/#website\"},\"primaryImageOfPage\":{\"@id\":\"https:\\\/\\\/www.itac-professional.com\\\/en\\\/blog\\\/importaco-took-part-of-the-6th-sab-almendrave-almond-and-hazelnut-gathering-to-talk-about-the-sustainable-transformation-of-these-crops-2\\\/#primaryimage\"},\"image\":{\"@id\":\"https:\\\/\\\/www.itac-professional.com\\\/en\\\/blog\\\/importaco-took-part-of-the-6th-sab-almendrave-almond-and-hazelnut-gathering-to-talk-about-the-sustainable-transformation-of-these-crops-2\\\/#primaryimage\"},\"thumbnailUrl\":\"https:\\\/\\\/www.itac-professional.com\\\/wp-content\\\/uploads\\\/2021\\\/06\\\/Diseno-sin-titulo-6.jpg\",\"datePublished\":\"2021-06-23T07:42:32+00:00\",\"dateModified\":\"2023-11-16T09:14:33+00:00\",\"breadcrumb\":{\"@id\":\"https:\\\/\\\/www.itac-professional.com\\\/en\\\/blog\\\/importaco-took-part-of-the-6th-sab-almendrave-almond-and-hazelnut-gathering-to-talk-about-the-sustainable-transformation-of-these-crops-2\\\/#breadcrumb\"},\"inLanguage\":\"es\",\"potentialAction\":[{\"@type\":\"ReadAction\",\"target\":[\"https:\\\/\\\/www.itac-professional.com\\\/en\\\/blog\\\/importaco-took-part-of-the-6th-sab-almendrave-almond-and-hazelnut-gathering-to-talk-about-the-sustainable-transformation-of-these-crops-2\\\/\"]}]},{\"@type\":\"ImageObject\",\"inLanguage\":\"es\",\"@id\":\"https:\\\/\\\/www.itac-professional.com\\\/en\\\/blog\\\/importaco-took-part-of-the-6th-sab-almendrave-almond-and-hazelnut-gathering-to-talk-about-the-sustainable-transformation-of-these-crops-2\\\/#primaryimage\",\"url\":\"https:\\\/\\\/www.itac-professional.com\\\/wp-content\\\/uploads\\\/2021\\\/06\\\/Diseno-sin-titulo-6.jpg\",\"contentUrl\":\"https:\\\/\\\/www.itac-professional.com\\\/wp-content\\\/uploads\\\/2021\\\/06\\\/Diseno-sin-titulo-6.jpg\",\"width\":1280,\"height\":840},{\"@type\":\"BreadcrumbList\",\"@id\":\"https:\\\/\\\/www.itac-professional.com\\\/en\\\/blog\\\/importaco-took-part-of-the-6th-sab-almendrave-almond-and-hazelnut-gathering-to-talk-about-the-sustainable-transformation-of-these-crops-2\\\/#breadcrumb\",\"itemListElement\":[{\"@type\":\"ListItem\",\"position\":1,\"name\":\"Inicio\",\"item\":\"https:\\\/\\\/www.itac-professional.com\\\/en\\\/\"},{\"@type\":\"ListItem\",\"position\":2,\"name\":\"Importaco took part of the 6th SAB-Almendrave Almond and Hazelnut Gathering to talk about the sustainable transformation of these crops\"}]},{\"@type\":\"WebSite\",\"@id\":\"https:\\\/\\\/www.itac-professional.com\\\/en\\\/#website\",\"url\":\"https:\\\/\\\/www.itac-professional.com\\\/en\\\/\",\"name\":\"ITAC PROFESSIONAL\",\"description\":\"Nuts, dried fruits, snacks\",\"publisher\":{\"@id\":\"https:\\\/\\\/www.itac-professional.com\\\/en\\\/#organization\"},\"potentialAction\":[{\"@type\":\"SearchAction\",\"target\":{\"@type\":\"EntryPoint\",\"urlTemplate\":\"https:\\\/\\\/www.itac-professional.com\\\/en\\\/?s={search_term_string}\"},\"query-input\":{\"@type\":\"PropertyValueSpecification\",\"valueRequired\":true,\"valueName\":\"search_term_string\"}}],\"inLanguage\":\"es\"},{\"@type\":\"Organization\",\"@id\":\"https:\\\/\\\/www.itac-professional.com\\\/en\\\/#organization\",\"name\":\"Itac Professional\",\"url\":\"https:\\\/\\\/www.itac-professional.com\\\/en\\\/\",\"logo\":{\"@type\":\"ImageObject\",\"inLanguage\":\"es\",\"@id\":\"https:\\\/\\\/www.itac-professional.com\\\/en\\\/#\\\/schema\\\/logo\\\/image\\\/\",\"url\":\"https:\\\/\\\/www.itac-professional.com\\\/wp-content\\\/uploads\\\/2018\\\/10\\\/LOGO-ITACPROF-160.png\",\"contentUrl\":\"https:\\\/\\\/www.itac-professional.com\\\/wp-content\\\/uploads\\\/2018\\\/10\\\/LOGO-ITACPROF-160.png\",\"width\":160,\"height\":80,\"caption\":\"Itac Professional\"},\"image\":{\"@id\":\"https:\\\/\\\/www.itac-professional.com\\\/en\\\/#\\\/schema\\\/logo\\\/image\\\/\"},\"sameAs\":[\"https:\\\/\\\/www.facebook.com\\\/itacpl\\\/?__tn__=,d,P-R&amp;amp;amp;eid=ARDlbBGdvN1GldNhuRmgHiU6tnbbCAl9fGzcoMdXJtpaDmSPPUWNWMZggUNgE-uhlBECVQWwd8uysOwe\",\"https:\\\/\\\/www.linkedin.com\\\/sharing\\\/share-offsite\\\/?url=https:\\\/\\\/www.itac-professional.com\\\/retail\\\/\"]},{\"@type\":\"Person\",\"@id\":\"https:\\\/\\\/www.itac-professional.com\\\/en\\\/#\\\/schema\\\/person\\\/725d5623e0274f9bc7e3929ead2db429\",\"name\":\"admin\",\"image\":{\"@type\":\"ImageObject\",\"inLanguage\":\"es\",\"@id\":\"https:\\\/\\\/secure.gravatar.com\\\/avatar\\\/d776c62f975ecb1bf0e7a19765cdfee5128962c013e27517dcc532c2cf78e1a8?s=96&d=mm&r=g\",\"url\":\"https:\\\/\\\/secure.gravatar.com\\\/avatar\\\/d776c62f975ecb1bf0e7a19765cdfee5128962c013e27517dcc532c2cf78e1a8?s=96&d=mm&r=g\",\"contentUrl\":\"https:\\\/\\\/secure.gravatar.com\\\/avatar\\\/d776c62f975ecb1bf0e7a19765cdfee5128962c013e27517dcc532c2cf78e1a8?s=96&d=mm&r=g\",\"caption\":\"admin\"},\"url\":\"https:\\\/\\\/www.itac-professional.com\\\/en\\\/blog\\\/author\\\/admin\\\/\"}]}<\/script>\n<!-- \/ Yoast SEO plugin. -->","yoast_head_json":{"title":"6th SAB-Almendrave Almond and Hazelnut","robots":{"index":"index","follow":"follow","max-snippet":"max-snippet:-1","max-image-preview":"max-image-preview:large","max-video-preview":"max-video-preview:-1"},"canonical":"https:\/\/www.itac-professional.com\/en\/blog\/importaco-took-part-of-the-6th-sab-almendrave-almond-and-hazelnut-gathering-to-talk-about-the-sustainable-transformation-of-these-crops-2\/","og_locale":"es_ES","og_type":"article","og_title":"6th SAB-Almendrave Almond and Hazelnut","og_description":"The Agrupaci\u00f3n de Exportadores de Almendra y Avellana de Espa\u00f1a (Spanish Almond Board, SAB-Almendrave) held the sixth almond and hazelnut gathering, entitled this year round \u201cCrops, sustainability and health: Almond and hazelnut sector commitments\u201d \u2013 a virtual event that saw the participation of Importaco Group, which contributed its experience in the field of sustainable transformation&hellip;","og_url":"https:\/\/www.itac-professional.com\/en\/blog\/importaco-took-part-of-the-6th-sab-almendrave-almond-and-hazelnut-gathering-to-talk-about-the-sustainable-transformation-of-these-crops-2\/","og_site_name":"ITAC PROFESSIONAL","article_publisher":"https:\/\/www.facebook.com\/itacpl\/?__tn__=%2cd%2cP-R&amp%3bamp%3bamp%3beid=ARDlbBGdvN1GldNhuRmgHiU6tnbbCAl9fGzcoMdXJtpaDmSPPUWNWMZggUNgE-uhlBECVQWwd8uysOwe","article_published_time":"2021-06-23T07:42:32+00:00","article_modified_time":"2023-11-16T09:14:33+00:00","og_image":[{"width":1280,"height":840,"url":"https:\/\/www.itac-professional.com\/wp-content\/uploads\/2021\/06\/Diseno-sin-titulo-6.jpg","type":"image\/jpeg"}],"author":"admin","twitter_card":"summary_large_image","twitter_misc":{"Escrito por":"admin","Tiempo de lectura":"5 minutos"},"schema":{"@context":"https:\/\/schema.org","@graph":[{"@type":"Article","@id":"https:\/\/www.itac-professional.com\/en\/blog\/importaco-took-part-of-the-6th-sab-almendrave-almond-and-hazelnut-gathering-to-talk-about-the-sustainable-transformation-of-these-crops-2\/#article","isPartOf":{"@id":"https:\/\/www.itac-professional.com\/en\/blog\/importaco-took-part-of-the-6th-sab-almendrave-almond-and-hazelnut-gathering-to-talk-about-the-sustainable-transformation-of-these-crops-2\/"},"author":{"name":"admin","@id":"https:\/\/www.itac-professional.com\/en\/#\/schema\/person\/725d5623e0274f9bc7e3929ead2db429"},"headline":"Importaco took part of the 6th SAB-Almendrave Almond and Hazelnut Gathering to talk about the sustainable transformation of these crops","datePublished":"2021-06-23T07:42:32+00:00","dateModified":"2023-11-16T09:14:33+00:00","mainEntityOfPage":{"@id":"https:\/\/www.itac-professional.com\/en\/blog\/importaco-took-part-of-the-6th-sab-almendrave-almond-and-hazelnut-gathering-to-talk-about-the-sustainable-transformation-of-these-crops-2\/"},"wordCount":948,"publisher":{"@id":"https:\/\/www.itac-professional.com\/en\/#organization"},"image":{"@id":"https:\/\/www.itac-professional.com\/en\/blog\/importaco-took-part-of-the-6th-sab-almendrave-almond-and-hazelnut-gathering-to-talk-about-the-sustainable-transformation-of-these-crops-2\/#primaryimage"},"thumbnailUrl":"https:\/\/www.itac-professional.com\/wp-content\/uploads\/2021\/06\/Diseno-sin-titulo-6.jpg","articleSection":["Current News"],"inLanguage":"es"},{"@type":"WebPage","@id":"https:\/\/www.itac-professional.com\/en\/blog\/importaco-took-part-of-the-6th-sab-almendrave-almond-and-hazelnut-gathering-to-talk-about-the-sustainable-transformation-of-these-crops-2\/","url":"https:\/\/www.itac-professional.com\/en\/blog\/importaco-took-part-of-the-6th-sab-almendrave-almond-and-hazelnut-gathering-to-talk-about-the-sustainable-transformation-of-these-crops-2\/","name":"6th SAB-Almendrave Almond and Hazelnut","isPartOf":{"@id":"https:\/\/www.itac-professional.com\/en\/#website"},"primaryImageOfPage":{"@id":"https:\/\/www.itac-professional.com\/en\/blog\/importaco-took-part-of-the-6th-sab-almendrave-almond-and-hazelnut-gathering-to-talk-about-the-sustainable-transformation-of-these-crops-2\/#primaryimage"},"image":{"@id":"https:\/\/www.itac-professional.com\/en\/blog\/importaco-took-part-of-the-6th-sab-almendrave-almond-and-hazelnut-gathering-to-talk-about-the-sustainable-transformation-of-these-crops-2\/#primaryimage"},"thumbnailUrl":"https:\/\/www.itac-professional.com\/wp-content\/uploads\/2021\/06\/Diseno-sin-titulo-6.jpg","datePublished":"2021-06-23T07:42:32+00:00","dateModified":"2023-11-16T09:14:33+00:00","breadcrumb":{"@id":"https:\/\/www.itac-professional.com\/en\/blog\/importaco-took-part-of-the-6th-sab-almendrave-almond-and-hazelnut-gathering-to-talk-about-the-sustainable-transformation-of-these-crops-2\/#breadcrumb"},"inLanguage":"es","potentialAction":[{"@type":"ReadAction","target":["https:\/\/www.itac-professional.com\/en\/blog\/importaco-took-part-of-the-6th-sab-almendrave-almond-and-hazelnut-gathering-to-talk-about-the-sustainable-transformation-of-these-crops-2\/"]}]},{"@type":"ImageObject","inLanguage":"es","@id":"https:\/\/www.itac-professional.com\/en\/blog\/importaco-took-part-of-the-6th-sab-almendrave-almond-and-hazelnut-gathering-to-talk-about-the-sustainable-transformation-of-these-crops-2\/#primaryimage","url":"https:\/\/www.itac-professional.com\/wp-content\/uploads\/2021\/06\/Diseno-sin-titulo-6.jpg","contentUrl":"https:\/\/www.itac-professional.com\/wp-content\/uploads\/2021\/06\/Diseno-sin-titulo-6.jpg","width":1280,"height":840},{"@type":"BreadcrumbList","@id":"https:\/\/www.itac-professional.com\/en\/blog\/importaco-took-part-of-the-6th-sab-almendrave-almond-and-hazelnut-gathering-to-talk-about-the-sustainable-transformation-of-these-crops-2\/#breadcrumb","itemListElement":[{"@type":"ListItem","position":1,"name":"Inicio","item":"https:\/\/www.itac-professional.com\/en\/"},{"@type":"ListItem","position":2,"name":"Importaco took part of the 6th SAB-Almendrave Almond and Hazelnut Gathering to talk about the sustainable transformation of these crops"}]},{"@type":"WebSite","@id":"https:\/\/www.itac-professional.com\/en\/#website","url":"https:\/\/www.itac-professional.com\/en\/","name":"ITAC PROFESSIONAL","description":"Nuts, dried fruits, snacks","publisher":{"@id":"https:\/\/www.itac-professional.com\/en\/#organization"},"potentialAction":[{"@type":"SearchAction","target":{"@type":"EntryPoint","urlTemplate":"https:\/\/www.itac-professional.com\/en\/?s={search_term_string}"},"query-input":{"@type":"PropertyValueSpecification","valueRequired":true,"valueName":"search_term_string"}}],"inLanguage":"es"},{"@type":"Organization","@id":"https:\/\/www.itac-professional.com\/en\/#organization","name":"Itac Professional","url":"https:\/\/www.itac-professional.com\/en\/","logo":{"@type":"ImageObject","inLanguage":"es","@id":"https:\/\/www.itac-professional.com\/en\/#\/schema\/logo\/image\/","url":"https:\/\/www.itac-professional.com\/wp-content\/uploads\/2018\/10\/LOGO-ITACPROF-160.png","contentUrl":"https:\/\/www.itac-professional.com\/wp-content\/uploads\/2018\/10\/LOGO-ITACPROF-160.png","width":160,"height":80,"caption":"Itac Professional"},"image":{"@id":"https:\/\/www.itac-professional.com\/en\/#\/schema\/logo\/image\/"},"sameAs":["https:\/\/www.facebook.com\/itacpl\/?__tn__=,d,P-R&amp;amp;amp;eid=ARDlbBGdvN1GldNhuRmgHiU6tnbbCAl9fGzcoMdXJtpaDmSPPUWNWMZggUNgE-uhlBECVQWwd8uysOwe","https:\/\/www.linkedin.com\/sharing\/share-offsite\/?url=https:\/\/www.itac-professional.com\/retail\/"]},{"@type":"Person","@id":"https:\/\/www.itac-professional.com\/en\/#\/schema\/person\/725d5623e0274f9bc7e3929ead2db429","name":"admin","image":{"@type":"ImageObject","inLanguage":"es","@id":"https:\/\/secure.gravatar.com\/avatar\/d776c62f975ecb1bf0e7a19765cdfee5128962c013e27517dcc532c2cf78e1a8?s=96&d=mm&r=g","url":"https:\/\/secure.gravatar.com\/avatar\/d776c62f975ecb1bf0e7a19765cdfee5128962c013e27517dcc532c2cf78e1a8?s=96&d=mm&r=g","contentUrl":"https:\/\/secure.gravatar.com\/avatar\/d776c62f975ecb1bf0e7a19765cdfee5128962c013e27517dcc532c2cf78e1a8?s=96&d=mm&r=g","caption":"admin"},"url":"https:\/\/www.itac-professional.com\/en\/blog\/author\/admin\/"}]}},"_links":{"self":[{"href":"https:\/\/www.itac-professional.com\/en\/wp-json\/wp\/v2\/posts\/11354","targetHints":{"allow":["GET"]}}],"collection":[{"href":"https:\/\/www.itac-professional.com\/en\/wp-json\/wp\/v2\/posts"}],"about":[{"href":"https:\/\/www.itac-professional.com\/en\/wp-json\/wp\/v2\/types\/post"}],"author":[{"embeddable":true,"href":"https:\/\/www.itac-professional.com\/en\/wp-json\/wp\/v2\/users\/1"}],"replies":[{"embeddable":true,"href":"https:\/\/www.itac-professional.com\/en\/wp-json\/wp\/v2\/comments?post=11354"}],"version-history":[{"count":3,"href":"https:\/\/www.itac-professional.com\/en\/wp-json\/wp\/v2\/posts\/11354\/revisions"}],"predecessor-version":[{"id":23461,"href":"https:\/\/www.itac-professional.com\/en\/wp-json\/wp\/v2\/posts\/11354\/revisions\/23461"}],"wp:featuredmedia":[{"embeddable":true,"href":"https:\/\/www.itac-professional.com\/en\/wp-json\/wp\/v2\/media\/11248"}],"wp:attachment":[{"href":"https:\/\/www.itac-professional.com\/en\/wp-json\/wp\/v2\/media?parent=11354"}],"wp:term":[{"taxonomy":"category","embeddable":true,"href":"https:\/\/www.itac-professional.com\/en\/wp-json\/wp\/v2\/categories?post=11354"},{"taxonomy":"post_tag","embeddable":true,"href":"https:\/\/www.itac-professional.com\/en\/wp-json\/wp\/v2\/tags?post=11354"}],"curies":[{"name":"wp","href":"https:\/\/api.w.org\/{rel}","templated":true}]}}